{"id":1282,"date":"2020-11-04T08:52:28","date_gmt":"2020-11-04T07:52:28","guid":{"rendered":"https:\/\/www.blekingeidrottshalsa.se\/?p=1282"},"modified":"2020-11-04T09:12:46","modified_gmt":"2020-11-04T08:12:46","slug":"information-angaende-covid-19","status":"publish","type":"post","link":"https:\/\/www.blekingeidrottshalsa.se\/?p=1282","title":{"rendered":"Information ang\u00e5ende covid-19"},"content":{"rendered":"<p align=\"LEFT\"><span style=\"color: #000000;\"><span style=\"font-family: Arial Nova, sans-serif;\"><span style=\"font-size: large;\"><b>Blekinge Idrottsh\u00e4lsa <\/b>f\u00f6ljer Socialstyrelsens och Folkh\u00e4lsomyndighetens rekommendationer. Som alltid \u00e4r jag tacksam om du med feber, halsont, f\u00f6rkylning eller hosta avbokar ditt bes\u00f6k. Du kan boka ny tid d\u00e5 du varit frisk i 48 timmar. Jag tar inte emot sjuka kunder eller kunder med f\u00f6rkylningssymtom. Jag arbetar givetvis inte sj\u00e4lv om jag har f\u00f6rkylningssymtom. <\/span><\/span><\/span><\/p>\n<p align=\"LEFT\"><span style=\"color: #000000;\"><span style=\"font-family: Arial Nova, sans-serif;\"><span style=\"font-size: large;\">P\u00e5 <b>Blekinge Idrottsh\u00e4lsa<\/b> tv\u00e4ttar och spritar din behandlade sjukgymnast sina h\u00e4nder f\u00f6re och efter kundbes\u00f6k. Jag anv\u00e4nder visir om du \u00f6nskar och alltid vid n\u00e4ra arbete med dig som kund. Behandlingsb\u00e4nk och anv\u00e4nd utrustning spritas mellan varje kund. F\u00f6r dig som kund finns m\u00f6jlighet att tv\u00e4tta dina h\u00e4nder med tv\u00e5l och vatten, samt sprita dina h\u00e4nder f\u00f6re\/efter ditt bes\u00f6k. Jag \u00e4r mycket tacksam om du som kund tar dig tid att g\u00f6ra detta, med respekt f\u00f6r andra kunder och f\u00f6r mig som behandlare. Tillsammans kan vi g\u00f6ra <b>Blekinge Idrottsh\u00e4lsa<\/b> till en s\u00e4ker plats att bes\u00f6ka i dessa tider.<\/span><\/span><\/span><\/p>\n<p align=\"LEFT\"><span style=\"color: #000000;\"><span style=\"font-family: Arial Nova, sans-serif;\"><span style=\"font-size: large;\">Om du vill, finns det m\u00f6jlighet att sitta ute i friska luften och v\u00e4nta p\u00e5 ditt bokade bes\u00f6k, ist\u00e4llet f\u00f6r att sitta i v\u00e4ntrummet. <\/span><\/span><\/span><\/p>\n<p align=\"LEFT\"><span style=\"color: #000000;\"><span style=\"font-family: Arial Nova, sans-serif;\"><span style=\"font-size: large;\">Som kund kan du v\u00e4lja att g\u00f6ra ditt bes\u00f6k via videosamtal om du \u00f6nskar. Meddela din sjukgymnast om du \u00f6nskar videosamtal. Jag g\u00f6r \u00e4ven hembes\u00f6k hos de kunder i riskgrupper som vill, och detta utan extra kostnad.<\/span><\/span><\/span><\/p>\n<p><span style=\"color: #000000;\"><span style=\"font-family: Arial Nova, sans-serif;\"><span style=\"font-size: large;\">Har du n\u00e5gra fr\u00e5gor eller funderingar inf\u00f6r ditt bes\u00f6k, \u00e4r du alltid v\u00e4lkommen att ringa eller maila mig. Varmt v\u00e4lkommen att boka tid som vanligt p\u00e5 0764-252700! <\/span><\/span><\/span><\/p>\n<p><span style=\"color: #000000;\"><span style=\"font-family: Arial Nova, sans-serif;\"><span style=\"font-size: large;\">Anna Olsson, <\/span><\/span><\/span><span style=\"color: #353535;\"><span style=\"font-family: Arial Nova, sans-serif;\"><span style=\"font-size: large;\">Leg. Sjukgymnast och diplomerad mass\u00f6r<\/span><\/span><\/span><\/p>\n","protected":false},"excerpt":{"rendered":"<p>Blekinge Idrottsh\u00e4lsa f\u00f6ljer Socialstyrelsens och Folkh\u00e4lsomyndighetens rekommendationer. Som alltid \u00e4r jag tacksam om du med feber, halsont, f\u00f6rkylning eller hosta avbokar ditt bes\u00f6k. Du kan boka ny tid d\u00e5 du varit frisk i 48 timmar. Jag tar inte emot sjuka kunder eller kunder med f\u00f6rkylningssymtom. Jag arbetar givetvis inte sj\u00e4lv&#8230; <a class=\"continue-reading-link\" href=\"https:\/\/www.blekingeidrottshalsa.se\/?p=1282\"> Continue reading <span class=\"meta-nav\">&rarr; <\/span><\/a><\/p>\n","protected":false},"author":2,"featured_media":0,"comment_status":"open","ping_status":"open","sticky":false,"template":"","format":"standard","meta":{"footnotes":""},"categories":[12],"tags":[],"class_list":["post-1282","post","type-post","status-publish","format-standard","hentry","category-covid-19"],"_links":{"self":[{"href":"https:\/\/www.blekingeidrottshalsa.se\/index.php?rest_route=\/wp\/v2\/posts\/1282","targetHints":{"allow":["GET"]}}],"collection":[{"href":"https:\/\/www.blekingeidrottshalsa.se\/index.php?rest_route=\/wp\/v2\/posts"}],"about":[{"href":"https:\/\/www.blekingeidrottshalsa.se\/index.php?rest_route=\/wp\/v2\/types\/post"}],"author":[{"embeddable":true,"href":"https:\/\/www.blekingeidrottshalsa.se\/index.php?rest_route=\/wp\/v2\/users\/2"}],"replies":[{"embeddable":true,"href":"https:\/\/www.blekingeidrottshalsa.se\/index.php?rest_route=%2Fwp%2Fv2%2Fcomments&post=1282"}],"version-history":[{"count":3,"href":"https:\/\/www.blekingeidrottshalsa.se\/index.php?rest_route=\/wp\/v2\/posts\/1282\/revisions"}],"predecessor-version":[{"id":1290,"href":"https:\/\/www.blekingeidrottshalsa.se\/index.php?rest_route=\/wp\/v2\/posts\/1282\/revisions\/1290"}],"wp:attachment":[{"href":"https:\/\/www.blekingeidrottshalsa.se\/index.php?rest_route=%2Fwp%2Fv2%2Fmedia&parent=1282"}],"wp:term":[{"taxonomy":"category","embeddable":true,"href":"https:\/\/www.blekingeidrottshalsa.se\/index.php?rest_route=%2Fwp%2Fv2%2Fcategories&post=1282"},{"taxonomy":"post_tag","embeddable":true,"href":"https:\/\/www.blekingeidrottshalsa.se\/index.php?rest_route=%2Fwp%2Fv2%2Ftags&post=1282"}],"curies":[{"name":"wp","href":"https:\/\/api.w.org\/{rel}","templated":true}]}}